{"id":2685,"date":"2020-02-07T08:37:18","date_gmt":"2020-02-07T07:37:18","guid":{"rendered":"http:\/\/www.contrabanda.org\/?p=2685"},"modified":"2020-03-05T16:40:45","modified_gmt":"2020-03-05T15:40:45","slug":"comunicat-de-contrabanda-fm-davant-lintent-de-precinte-de-lantena","status":"publish","type":"post","link":"https:\/\/www.contrabanda.org\/ca\/2020\/02\/07\/comunicat-de-contrabanda-fm-davant-lintent-de-precinte-de-lantena\/","title":{"rendered":"DAVANT L\u2019INTENT DE PRECINTE DE L\u2019ANTENA"},"content":{"rendered":"<p><\/p>\n<p style=\"text-align: justify\">El dilluns 27 de gener la maquin\u00e0ria de l\u2019Ajuntament va tornar a pujar al Tur\u00f3 de la Rovira amb la intenci\u00f3 de desmuntar les antenes que a all\u00e0 hi ha instal\u00b7lades. Tot i que la nostra antena encara no ha estat precintada posem de manifest que sota <strong>den\u00fancies interessades de les corporacions medi\u00e0tiques (Associaci\u00f3 Catalana de R\u00e0dio)<\/strong> l&#8217;Ajuntament de Barcelona no fa b\u00e9 la seva feina. El consistori fa cas d\u2019una ordre judicial emesa pel Tribunal Superior de Just\u00edcia de Catalunya contra \u201cr\u00e0dios pirates comercials\u201d, per\u00f2 inclou de manera negligent als mitjans lliures d\u2019aquesta ciutat i ens apliquen injustament la mateixa disposici\u00f3.<\/p>\n<p style=\"text-align: justify\">A l\u2019Ajuntament ja li interessa treure&#8217;s problemes de sobre perqu\u00e8 vol, com m\u00e9s aviat millor, portar a terme el <strong>Pla Urban\u00edstic dels Tres Turons<\/strong>, que afecta a tot els barris del nord de Barcelona (Vallcarca, Carmel, Horta, etc.). De males maneres, els t\u00e8cnics de l\u2019ajuntament, ens obliguen a treure tot el material que necessitem per fer r\u00e0dio, amena\u00e7ant-nos veladament amb el segrest dels nostres equips. Denunciem la falta de rigorositat i sensibilitat d\u2019aquests t\u00e8cnics que, seguint ordres dels pol\u00edtics, es rendeixen als interessos dels poders medi\u00e0tics i especuladors. <strong>Davant aquesta incompet\u00e8ncia tornem a reivindicar el dret a la lliure expressi\u00f3. La nostra radio \u00e9s una radio no comercial, autogestionada i fem la nostra emissi\u00f3 des de 1991.<\/strong> Aix\u00ed mateix tornem a exigir a l\u2019Ajuntament de Barcelona, a la Generalitat i a totes les administracions que es facin ress\u00f2 d\u2019aquesta situaci\u00f3.<\/p>\n<p style=\"text-align: justify\">Agra\u00efm qualsevol mostra de solidaritat per pressionar a les autoritats competents per la defensa de la FM com a un canal \u00fatil d\u2019informaci\u00f3 i socialitzaci\u00f3. Pel dret a la llibertat d\u2019expressi\u00f3, per la necessitat de defensa d\u2019espais compromesos amb la lliure comunicaci\u00f3! <strong>Per tot aix\u00f2 demandem:<\/strong><\/p>\n<p style=\"text-align: justify\">&#8211; En primer lloc, en relaci\u00f3 a l\u2019execuci\u00f3 de la sent\u00e8ncia <strong>demandem un pla\u00e7 clar i concret per poder moure l\u2019antena i els equips de contrabanda a un lloc adequat.<\/strong> No podem estar sota amena\u00e7a di\u00e0ria de l\u2019extracci\u00f3 de l\u2019antena i\/o segrest dels nostres equips.<\/p>\n<p style=\"text-align: justify\">&#8211; En segon lloc, <strong>sol\u00b7licitem una reuni\u00f3 amb responsables pol\u00edtics i t\u00e8cnics<\/strong>, ja que entenem que s\u00f3n els pol\u00edtics els \u00fanics interlocutors amb decisi\u00f3 per donar una sortida a aquesta situaci\u00f3.<\/p>\n<p style=\"text-align: justify\">&#8211; En tercer lloc, <strong>exigim transpar\u00e8ncia amb les informacions que es donen per poder compartir-les amb la resta de mitjans afectats.\u2028<\/strong><\/p>\n<p>&nbsp;<\/p>\n<h1 style=\"text-align: center\">Contrabanda no callar\u00e0 mai!<\/h1>\n<h3 style=\"text-align: center\">#ContrabandaFMEsQueda, #ContrabandaFMResisteix<\/h3>\n<h3 style=\"text-align: center\">Febrer de 2020<\/h3>\n<p><\/p>","protected":false},"excerpt":{"rendered":"<p>El dilluns 27 de gener la maquin\u00e0ria de l\u2019Ajuntament va tornar a pujar al Tur\u00f3 de la Rovira amb la intenci\u00f3 de desmuntar les antenes que a all\u00e0 hi ha instal\u00b7lades. Tot i que la nostra antena encara no ha estat precintada posem de manifest que sota den\u00fancies interessades de les corporacions medi\u00e0tiques (Associaci\u00f3 Catalana &hellip;<\/p>\n","protected":false},"author":1,"featured_media":2632,"comment_status":"registered_only","ping_status":"open","sticky":false,"template":"","format":"standard","meta":{"_acf_changed":false,"jetpack_post_was_ever_published":false,"_jetpack_newsletter_access":"","_jetpack_dont_email_post_to_subs":false,"_jetpack_newsletter_tier_id":0,"_jetpack_memberships_contains_paywalled_content":false,"_jetpack_memberships_contains_paid_content":false,"footnotes":"","jetpack_publicize_message":"","jetpack_publicize_feature_enabled":true,"jetpack_social_post_already_shared":true,"jetpack_social_options":{"image_generator_settings":{"template":"highway","enabled":false},"version":2}},"categories":[178,179],"tags":[],"class_list":["post-2685","post","type-post","status-publish","format-standard","has-post-thumbnail","hentry","category-destacat","category-noticies"],"jetpack_publicize_connections":[],"acf":[],"jetpack_featured_media_url":"https:\/\/www.contrabanda.org\/wp-content\/uploads\/2019\/11\/banner-300-200.jpg","jetpack_sharing_enabled":true,"jetpack_shortlink":"https:\/\/wp.me\/p2AtSY-Hj","_links":{"self":[{"href":"https:\/\/www.contrabanda.org\/ca\/wp-json\/wp\/v2\/posts\/2685","targetHints":{"allow":["GET"]}}],"collection":[{"href":"https:\/\/www.contrabanda.org\/ca\/wp-json\/wp\/v2\/posts"}],"about":[{"href":"https:\/\/www.contrabanda.org\/ca\/wp-json\/wp\/v2\/types\/post"}],"author":[{"embeddable":true,"href":"https:\/\/www.contrabanda.org\/ca\/wp-json\/wp\/v2\/users\/1"}],"replies":[{"embeddable":true,"href":"https:\/\/www.contrabanda.org\/ca\/wp-json\/wp\/v2\/comments?post=2685"}],"version-history":[{"count":8,"href":"https:\/\/www.contrabanda.org\/ca\/wp-json\/wp\/v2\/posts\/2685\/revisions"}],"predecessor-version":[{"id":2713,"href":"https:\/\/www.contrabanda.org\/ca\/wp-json\/wp\/v2\/posts\/2685\/revisions\/2713"}],"wp:featuredmedia":[{"embeddable":true,"href":"https:\/\/www.contrabanda.org\/ca\/wp-json\/wp\/v2\/media\/2632"}],"wp:attachment":[{"href":"https:\/\/www.contrabanda.org\/ca\/wp-json\/wp\/v2\/media?parent=2685"}],"wp:term":[{"taxonomy":"category","embeddable":true,"href":"https:\/\/www.contrabanda.org\/ca\/wp-json\/wp\/v2\/categories?post=2685"},{"taxonomy":"post_tag","embeddable":true,"href":"https:\/\/www.contrabanda.org\/ca\/wp-json\/wp\/v2\/tags?post=2685"}],"curies":[{"name":"wp","href":"https:\/\/api.w.org\/{rel}","templated":true}]}}