{"id":3072,"date":"2020-12-21T11:03:07","date_gmt":"2020-12-21T10:03:07","guid":{"rendered":"http:\/\/www.contrabanda.org\/?p=3072"},"modified":"2021-01-08T17:15:32","modified_gmt":"2021-01-08T16:15:32","slug":"catala-manifest-en-contra-del-precinte-del-centre-emissor-de-contrabanda-fm-i-per-la-llibertat-dexpressio","status":"publish","type":"post","link":"https:\/\/www.contrabanda.org\/ca\/2020\/12\/21\/catala-manifest-en-contra-del-precinte-del-centre-emissor-de-contrabanda-fm-i-per-la-llibertat-dexpressio\/","title":{"rendered":"Manifest i falques en contra del precinte del nostre centre emissor i per la llibertat d&#8217;emissi\u00f3"},"content":{"rendered":"<p><\/p>\n<p style=\"text-align: justify\">El dissabte 19 de desembre de 2020 <strong>Contrabanda FM<\/strong> es va veure obligada a desmuntar l&#8217;antena i resta del material t\u00e8cnic que t\u00e9 al Tur\u00f3 de la Rovira, punt d&#8217;emissi\u00f3 lliure des de gener del 1991. S\u2019<strong>atura aix\u00ed temporalment la seva emissi\u00f3 per FM<\/strong>, que va comen\u00e7ar far\u00e0 ara 30 anys. Tot i que ara mateix no emetem per FM, no estem en silenci i es pot seguir tota la programaci\u00f3 habitual des de la nostra p\u00e0gina web <a href=\"http:\/\/www.contrabanda.org\/\">www.contrabanda.org<\/a>.<\/p>\n<p style=\"text-align: justify\">Des de Contrabanda FM volem posar de manifest que, davant de den\u00fancies interessades de les corporacions medi\u00e0tiques (en aquest cas, l\u2019Associaci\u00f3 Catalana de R\u00e0dio), l&#8217;Ajuntament de Barcelona no defensa als ciutadans que desenvolupen la seva activitat en Mitjans de comunicaci\u00f3 Lliures. El consistori vol executar una ordre judicial emesa pel Tribunal Superior de Just\u00edcia de Catalunya contra &#8220;r\u00e0dios pirates comercials&#8221;. Una sent\u00e8ncia que inclou de manera negligent als Mitjans Lliures d&#8217;aquesta ciutat, aplicant-nos injustament la mateixa disposici\u00f3, i que ens obliga a treure tot el material necessari per fer r\u00e0dio del nostre centre emissor abans del dia 6 de gener de 2021. Tot i que la nostra antena encara no ha estat precintada, s\u00ed que hem rebut l\u2019amena\u00e7a de segrest dels nostres equips i de la imposici\u00f3 del pagament de les despeses de desmantellament de la nostra torreta d&#8217;emissi\u00f3 i equips t\u00e8cnics.<\/p>\n<p style=\"text-align: justify\">A m\u00e9s l&#8217;Ajuntament aprofita grollerament una decisi\u00f3 judicial sobre la reordenaci\u00f3 de les torres d&#8217;emissi\u00f3 per tirar endavant part del pla urban\u00edstic dels Tres Turons, que afecta els barris del nord de Barcelona, i que ha estat for\u00e7a rebutjat, entre d&#8217;altres, per moltes associacions de ve\u00efns, entitats i ve\u00efnes particulars dels barris del Carmel, Vallcarca o la Salut.<\/p>\n<p style=\"text-align: justify\">Des de Contrabanda FM hem fet diverses propostes alternatives per poder seguir emetent a l&#8217;FM de Barcelona, que no han estat ateses per l&#8217;Ajuntament de Barcelona ni cap altra Instituci\u00f3 P\u00fablica. Lluitant contra aquesta realitat, reivindiquem el dret a la lliure expressi\u00f3. La nostra r\u00e0dio \u00e9s una <strong>R\u00e0dio Lliure, no comercial i autogestionada<\/strong> que emet a l\u2019FM de Barcelona des del gener de 1991 (en proves des del desembre de 1990, just ara fa 30 anys), i forma part del conjunt de Mitjans Lliures que lluitem pel dret a la llibertat d\u2019expressi\u00f3 arreu del territori.<\/p>\n<p style=\"text-align: justify\">Davant l&#8217;estat actual de precarietat del sector cultural i la falta de voluntat pol\u00edtica per part de les diferents Administracions P\u00fabliques de millorar les condicions de treball i producci\u00f3 de tots els ciutadans, es fa evident que el projecte de la Xarxa de R\u00e0dios Comunit\u00e0ries impulsat per l&#8217;Ajuntament de Barcelona \u00e9s clarament insuficient i no suposa cap soluci\u00f3 a problemes reals i flagrants de les R\u00e0dios Lliures i resta de mitjans autogestionats. A m\u00e9s, la lluita contra la COVID-19 limita els espais de reuni\u00f3 i participaci\u00f3, aix\u00ed com les possibilitats d\u2019autofinan\u00e7ar-se i sobreviure, mentre amaga, sota un discurs de civisme i seguretat, la repressi\u00f3 per part de les Administracions P\u00fabliques cap a les alternatives que dinamitzem i donem vida als espais socials de la ciutat i resta del territori. \u00c9s una aut\u00e8ntica xacra a la qual ens enfrontem cada dia des dels col\u00b7lectius autogestionats.<\/p>\n<p style=\"text-align: justify\">Davant d\u2019aquesta situaci\u00f3, <strong>reclamem<\/strong>, com ja vam fer en intervenir en el proc\u00e9s de modificaci\u00f3 de la Llei de la Comunicaci\u00f3 Audiovisual a Catalunya i davant l&#8217;aprovaci\u00f3 del 23 de juliol de la Mem\u00f2ria Preliminar de l&#8217;Avantprojecte de Llei de modificaci\u00f3 de la Llei 22\/2005, de 29 de desembre, de la Comunicaci\u00f3 Audiovisual de Catalunya:<\/p>\n<p style=\"text-align: justify\">&#8211; El reconeixement de la tasca dels Mitjans de Comunicaci\u00f3 Lliures i sense \u00e0nim de lucre, fent possible un procediment d&#8217;acc\u00e9s a llic\u00e8ncies d&#8217;emissi\u00f3 i garantint un espai a l&#8217;espectre radioel\u00e8ctric per aquestes iniciatives.<\/p>\n<p style=\"text-align: justify\">&#8211; Assegurar almenys un 33% de l&#8217;espectre radiof\u00f2nic per a les emissions de les R\u00e0dios Lliures i autogestionades.<\/p>\n<p style=\"text-align: justify\">&#8211; La reserva de freq\u00fc\u00e8ncies, a partir d&#8217;un estudi t\u00e8cnic del Col\u00b7legi Oficial d\u2019Enginyers de Telecomunicacions, que en faci una planificaci\u00f3 en funci\u00f3 dels espais disponibles i l&#8217;orografia.<\/p>\n<p style=\"text-align: justify\">&#8211; Que es pugui fer \u00fas d&#8217;espais p\u00fablics, com a m\u00ednim per ubicar les antenes i transmissors dels mitjans de comunicaci\u00f3 no comercials.<\/p>\n<p style=\"text-align: justify\">&#8211; Que s&#8217;atorguin llic\u00e8ncies habilitats gratu\u00eftes com a deute hist\u00f2ric.<\/p>\n<p style=\"text-align: justify\">&#8211; Que no es tramitin nous expedients, sancions o multes per part de l&#8217;Ajuntament de Barcelona i resta d\u2019Administracions P\u00fabliques, ja que sempre hem treballat per la resoluci\u00f3 d&#8217;una situaci\u00f3 que no han sabut, per incompet\u00e8ncia o inacci\u00f3, solucionar.<\/p>\n<p style=\"text-align: justify\">Agra\u00efm qualsevol mostra de solidaritat per pressionar les autoritats competents en la defensa de l&#8217;emissi\u00f3 per FM com a un canal essencial d\u2019informaci\u00f3 i socialitzaci\u00f3. Pel <strong>dret a la llibertat d&#8217;expressi\u00f3 i d&#8217;emissi\u00f3<\/strong>, per la necessitat de defensa d&#8217;espais compromesos amb la <strong>Comunicaci\u00f3 Lliure<\/strong>!<\/p>\n<p style=\"text-align: justify\">Contrabanda FM.<\/p>\n<p style=\"text-align: justify\">Barcelona, 21 de Desembre de 2020.<\/p>\n<audio class=\"wp-audio-shortcode\" id=\"audio-3072-3\" preload=\"none\" style=\"width: 100%;\" controls=\"controls\"><source type=\"audio\/mpeg\" src=\"http:\/\/www.contrabanda.org\/wp-content\/uploads\/2020\/12\/falca-antena_curta.mp3?_=3\" \/><a href=\"http:\/\/www.contrabanda.org\/wp-content\/uploads\/2020\/12\/falca-antena_curta.mp3\">http:\/\/www.contrabanda.org\/wp-content\/uploads\/2020\/12\/falca-antena_curta.mp3<\/a><\/audio>\n<audio class=\"wp-audio-shortcode\" id=\"audio-3072-4\" preload=\"none\" style=\"width: 100%;\" controls=\"controls\"><source type=\"audio\/mpeg\" src=\"http:\/\/www.contrabanda.org\/wp-content\/uploads\/2020\/12\/falca-antena_llarga.mp3?_=4\" \/><a href=\"http:\/\/www.contrabanda.org\/wp-content\/uploads\/2020\/12\/falca-antena_llarga.mp3\">http:\/\/www.contrabanda.org\/wp-content\/uploads\/2020\/12\/falca-antena_llarga.mp3<\/a><\/audio>\n<p><img loading=\"lazy\" decoding=\"async\" class=\"aligncenter size-medium wp-image-2632\" src=\"http:\/\/www.contrabanda.org\/wp-content\/uploads\/2019\/11\/banner-300-200-300x200.jpg\" alt=\"\" width=\"300\" height=\"200\" \/><\/p>","protected":false},"excerpt":{"rendered":"<p>El dissabte 19 de desembre de 2020 Contrabanda FM es va veure obligada a desmuntar l&#8217;antena i resta del material t\u00e8cnic que t\u00e9 al Tur\u00f3 de la Rovira, punt d&#8217;emissi\u00f3 lliure des de gener del 1991. S\u2019atura aix\u00ed temporalment la seva emissi\u00f3 per FM, que va comen\u00e7ar far\u00e0 ara 30 anys. Tot i que ara &hellip;<\/p>\n","protected":false},"author":1,"featured_media":2632,"comment_status":"registered_only","ping_status":"open","sticky":false,"template":"","format":"standard","meta":{"_acf_changed":false,"jetpack_post_was_ever_published":false,"_jetpack_newsletter_access":"","_jetpack_dont_email_post_to_subs":false,"_jetpack_newsletter_tier_id":0,"_jetpack_memberships_contains_paywalled_content":false,"_jetpack_memberships_contains_paid_content":false,"footnotes":"","jetpack_publicize_message":"","jetpack_publicize_feature_enabled":true,"jetpack_social_post_already_shared":true,"jetpack_social_options":{"image_generator_settings":{"template":"highway","enabled":false},"version":2}},"categories":[178,179],"tags":[],"class_list":["post-3072","post","type-post","status-publish","format-standard","has-post-thumbnail","hentry","category-destacat","category-noticies"],"jetpack_publicize_connections":[],"acf":[],"jetpack_featured_media_url":"https:\/\/www.contrabanda.org\/wp-content\/uploads\/2019\/11\/banner-300-200.jpg","jetpack_sharing_enabled":true,"jetpack_shortlink":"https:\/\/wp.me\/p2AtSY-Ny","_links":{"self":[{"href":"https:\/\/www.contrabanda.org\/ca\/wp-json\/wp\/v2\/posts\/3072","targetHints":{"allow":["GET"]}}],"collection":[{"href":"https:\/\/www.contrabanda.org\/ca\/wp-json\/wp\/v2\/posts"}],"about":[{"href":"https:\/\/www.contrabanda.org\/ca\/wp-json\/wp\/v2\/types\/post"}],"author":[{"embeddable":true,"href":"https:\/\/www.contrabanda.org\/ca\/wp-json\/wp\/v2\/users\/1"}],"replies":[{"embeddable":true,"href":"https:\/\/www.contrabanda.org\/ca\/wp-json\/wp\/v2\/comments?post=3072"}],"version-history":[{"count":26,"href":"https:\/\/www.contrabanda.org\/ca\/wp-json\/wp\/v2\/posts\/3072\/revisions"}],"predecessor-version":[{"id":3107,"href":"https:\/\/www.contrabanda.org\/ca\/wp-json\/wp\/v2\/posts\/3072\/revisions\/3107"}],"wp:featuredmedia":[{"embeddable":true,"href":"https:\/\/www.contrabanda.org\/ca\/wp-json\/wp\/v2\/media\/2632"}],"wp:attachment":[{"href":"https:\/\/www.contrabanda.org\/ca\/wp-json\/wp\/v2\/media?parent=3072"}],"wp:term":[{"taxonomy":"category","embeddable":true,"href":"https:\/\/www.contrabanda.org\/ca\/wp-json\/wp\/v2\/categories?post=3072"},{"taxonomy":"post_tag","embeddable":true,"href":"https:\/\/www.contrabanda.org\/ca\/wp-json\/wp\/v2\/tags?post=3072"}],"curies":[{"name":"wp","href":"https:\/\/api.w.org\/{rel}","templated":true}]}}