{"id":3687,"date":"2021-08-15T21:54:41","date_gmt":"2021-08-15T19:54:41","guid":{"rendered":"http:\/\/www.contrabanda.org\/?p=3687"},"modified":"2021-08-15T21:59:25","modified_gmt":"2021-08-15T19:59:25","slug":"3la-gira-zapatista-va-desde-madrid-apenas-500-anos-despues","status":"publish","type":"post","link":"https:\/\/www.contrabanda.org\/ca\/2021\/08\/15\/3la-gira-zapatista-va-desde-madrid-apenas-500-anos-despues\/","title":{"rendered":"3#La Gira Zapatista Va: Des de Madrid, a penes 500 anys despr\u00e9s"},"content":{"rendered":"<p><a href=\"http:\/\/www.contrabanda.org\/wp-content\/uploads\/2021\/08\/bd50-43f4-45fd-8a4a-10dd67cb355f.jpg\"><img loading=\"lazy\" decoding=\"async\" class=\"size-full wp-image-3689 alignright\" src=\"http:\/\/www.contrabanda.org\/wp-content\/uploads\/2021\/08\/bd50-43f4-45fd-8a4a-10dd67cb355f.jpg\" alt=\"\" width=\"300\" height=\"300\" srcset=\"https:\/\/www.contrabanda.org\/wp-content\/uploads\/2021\/08\/bd50-43f4-45fd-8a4a-10dd67cb355f.jpg 300w, https:\/\/www.contrabanda.org\/wp-content\/uploads\/2021\/08\/bd50-43f4-45fd-8a4a-10dd67cb355f-150x150.jpg 150w\" sizes=\"auto, (max-width: 300px) 100vw, 300px\" \/><\/a>Des de l&#8217;Europa Insubmisa, Planeta Terra<br \/>\nUs compartim un pedacito del viscut a Madrid el passat 13 d&#8217;Agost del 2021. All\u00ed van estar les Companyes Zapatistes que van desembarcar a Vigo el passat 22 de Juny, l&#8217;Esquadr\u00f3 421, a penes 500 anys despr\u00e9s de la caiguda de Tenochtitlan, sota el lema &#8220;No ens van conquistar&#8221;.<br \/>\nEl passat 13 d&#8217;Agost va comen\u00e7ar l&#8217;any 501 de la resist\u00e8ncia i 501 seran les, els, ellxs delegades que arribaran a Europa durant un any. S&#8217;espera que molt aviat arribi la primera gran delegaci\u00f3, a la qual l&#8217;esquadr\u00f3 421 ha obert cam\u00ed. Perqu\u00e8 v\u00e9nen? Perqu\u00e8 tantes? Us convidem a escoltar algunes respostes i m\u00e9s preguntes de la seva viva veu.<\/p>\n<p>El comunicat pot llegir-se en:<br \/>\n<a href=\"http:\/\/enlacezapatista.ezln.org.mx\/\">enlacezapatista.ezln.org.mx\/<\/a><\/p>\n<p>Una coproducci\u00f3 de La Memoria del Jaguar amb &#8220;Dones i Prou&#8221; de R\u00e0dio Malva<\/p>\n<p>Desc\u00e0rregues aqu\u00ed: <a href=\"https:\/\/archive.org\/details\/3-la-gira-zapatista-va\">https:\/\/archive.org\/details\/3-la-gira-zapatista-va<\/a><\/p>\n<div class=\"powerpress_player\" id=\"powerpress_player_7530\"><!--[if lt IE 9]><script>document.createElement('audio');<\/script><![endif]-->\n<audio class=\"wp-audio-shortcode\" id=\"audio-3687-1\" preload=\"none\" style=\"width: 100%;\" controls=\"controls\"><source type=\"audio\/mpeg\" src=\"http:\/\/www.contrabanda.org\/wp-content\/uploads\/2021\/08\/20210816-girazapatista.mp3?_=1\" \/><a href=\"http:\/\/www.contrabanda.org\/wp-content\/uploads\/2021\/08\/20210816-girazapatista.mp3\">http:\/\/www.contrabanda.org\/wp-content\/uploads\/2021\/08\/20210816-girazapatista.mp3<\/a><\/audio><\/div><p class=\"powerpress_links powerpress_links_mp3\" style=\"margin-bottom: 1px !important;\">Podcast: <a href=\"http:\/\/www.contrabanda.org\/wp-content\/uploads\/2021\/08\/20210816-girazapatista.mp3\" class=\"powerpress_link_pinw\" target=\"_blank\" title=\"Play in new window\" onclick=\"return powerpress_pinw('https:\/\/www.contrabanda.org\/ca\/?powerpress_pinw=3687-podcast');\" rel=\"nofollow\">Play in new window<\/a> | <a href=\"http:\/\/www.contrabanda.org\/wp-content\/uploads\/2021\/08\/20210816-girazapatista.mp3\" class=\"powerpress_link_d\" title=\"Download\" rel=\"nofollow\" download=\"20210816-girazapatista.mp3\">Download<\/a><\/p><!--powerpress_player-->","protected":false},"excerpt":{"rendered":"<p>Des de l&#8217;Europa Insubmisa, Planeta Terra Us compartim un pedacito del viscut a Madrid el passat 13 d&#8217;Agost del 2021. All\u00ed van estar les Companyes Zapatistes que van desembarcar a Vigo el passat 22 de Juny, l&#8217;Esquadr\u00f3 421, a penes 500 anys despr\u00e9s de la caiguda de Tenochtitlan, sota el lema &#8220;No ens van conquistar&#8221;. &hellip;<\/p>\n","protected":false},"author":59,"featured_media":3689,"comment_status":"registered_only","ping_status":"open","sticky":false,"template":"","format":"standard","meta":{"_acf_changed":false,"jetpack_post_was_ever_published":false,"_jetpack_newsletter_access":"","_jetpack_dont_email_post_to_subs":false,"_jetpack_newsletter_tier_id":0,"_jetpack_memberships_contains_paywalled_content":false,"_jetpack_memberships_contains_paid_content":false,"footnotes":"","jetpack_publicize_message":"","jetpack_publicize_feature_enabled":true,"jetpack_social_post_already_shared":true,"jetpack_social_options":{"image_generator_settings":{"template":"highway","enabled":false},"version":2}},"categories":[178,179],"tags":[212,213],"class_list":["post-3687","post","type-post","status-publish","format-standard","has-post-thumbnail","hentry","category-destacat","category-noticies","tag-ezln","tag-la-gira-zapatista-va"],"jetpack_publicize_connections":[],"acf":[],"jetpack_featured_media_url":"https:\/\/www.contrabanda.org\/wp-content\/uploads\/2021\/08\/bd50-43f4-45fd-8a4a-10dd67cb355f.jpg","jetpack_sharing_enabled":true,"jetpack_shortlink":"https:\/\/wp.me\/p2AtSY-Xt","_links":{"self":[{"href":"https:\/\/www.contrabanda.org\/ca\/wp-json\/wp\/v2\/posts\/3687","targetHints":{"allow":["GET"]}}],"collection":[{"href":"https:\/\/www.contrabanda.org\/ca\/wp-json\/wp\/v2\/posts"}],"about":[{"href":"https:\/\/www.contrabanda.org\/ca\/wp-json\/wp\/v2\/types\/post"}],"author":[{"embeddable":true,"href":"https:\/\/www.contrabanda.org\/ca\/wp-json\/wp\/v2\/users\/59"}],"replies":[{"embeddable":true,"href":"https:\/\/www.contrabanda.org\/ca\/wp-json\/wp\/v2\/comments?post=3687"}],"version-history":[{"count":4,"href":"https:\/\/www.contrabanda.org\/ca\/wp-json\/wp\/v2\/posts\/3687\/revisions"}],"predecessor-version":[{"id":3693,"href":"https:\/\/www.contrabanda.org\/ca\/wp-json\/wp\/v2\/posts\/3687\/revisions\/3693"}],"wp:featuredmedia":[{"embeddable":true,"href":"https:\/\/www.contrabanda.org\/ca\/wp-json\/wp\/v2\/media\/3689"}],"wp:attachment":[{"href":"https:\/\/www.contrabanda.org\/ca\/wp-json\/wp\/v2\/media?parent=3687"}],"wp:term":[{"taxonomy":"category","embeddable":true,"href":"https:\/\/www.contrabanda.org\/ca\/wp-json\/wp\/v2\/categories?post=3687"},{"taxonomy":"post_tag","embeddable":true,"href":"https:\/\/www.contrabanda.org\/ca\/wp-json\/wp\/v2\/tags?post=3687"}],"curies":[{"name":"wp","href":"https:\/\/api.w.org\/{rel}","templated":true}]}}