{"id":3831,"date":"2022-03-20T16:57:27","date_gmt":"2022-03-20T15:57:27","guid":{"rendered":"http:\/\/www.contrabanda.org\/?p=3831"},"modified":"2022-03-26T20:49:17","modified_gmt":"2022-03-26T19:49:17","slug":"audios-del-especial-8m-y-18-anos-de-el-aleteo-desequilibrado","status":"publish","type":"post","link":"https:\/\/www.contrabanda.org\/ca\/2022\/03\/20\/audios-del-especial-8m-y-18-anos-de-el-aleteo-desequilibrado\/","title":{"rendered":"Audios de l&#8217;especial 8M i 18 anys de El Aleteo Desequilibrado"},"content":{"rendered":"<p><a href=\"http:\/\/www.contrabanda.org\/wp-content\/uploads\/2022\/03\/opensource_audio.jpeg\"><img loading=\"lazy\" decoding=\"async\" class=\"alignright wp-image-3851 size-full\" src=\"http:\/\/www.contrabanda.org\/wp-content\/uploads\/2022\/03\/opensource_audio.jpeg\" alt=\"\" width=\"180\" height=\"180\" \/><\/a>Aqu\u00ed els esperats \u00e0udios de l&#8217;especial 8 de mar\u00e7, alhora 18 aniversari de El Aleteo Desequilibrado, el programa transfeminista, decolonial, antipatriarcal i antiracista de Contrabanda FM. Escolteu des de l&#8217;Archive: <a href=\"https:\/\/archive.org\/details\/8-m-1\">https:\/\/archive.org\/details\/8-m-1<\/a><\/p>\n<p>Tamb\u00e9 des del nostre web:<\/p>\n<p><a href=\"http:\/\/www.contrabanda.org\/wp-content\/uploads\/2022\/03\/8M1.mp3\">8M-1<\/a>, <a href=\"http:\/\/www.contrabanda.org\/wp-content\/uploads\/2022\/03\/8M2.mp3\">8M-2<\/a>, <a href=\"http:\/\/www.contrabanda.org\/wp-content\/uploads\/2022\/03\/8M3.mp3\">8M-3<\/a>, <a href=\"http:\/\/www.contrabanda.org\/wp-content\/uploads\/2022\/03\/8m4.mp3\">8M-4<\/a> i <a href=\"http:\/\/www.contrabanda.org\/wp-content\/uploads\/2022\/03\/8m5.mp3\">8M-5<\/a><\/p>","protected":false},"excerpt":{"rendered":"<p>Aqu\u00ed els esperats \u00e0udios de l&#8217;especial 8 de mar\u00e7, alhora 18 aniversari de El Aleteo Desequilibrado, el programa transfeminista, decolonial, antipatriarcal i antiracista de Contrabanda FM. Escolteu des de l&#8217;Archive: https:\/\/archive.org\/details\/8-m-1 Tamb\u00e9 des del nostre web: 8M-1, 8M-2, 8M-3, 8M-4 i 8M-5<\/p>\n","protected":false},"author":59,"featured_media":3854,"comment_status":"registered_only","ping_status":"open","sticky":false,"template":"","format":"standard","meta":{"_acf_changed":false,"jetpack_post_was_ever_published":false,"_jetpack_newsletter_access":"","_jetpack_dont_email_post_to_subs":false,"_jetpack_newsletter_tier_id":0,"_jetpack_memberships_contains_paywalled_content":false,"_jetpack_memberships_contains_paid_content":false,"footnotes":"","jetpack_publicize_message":"","jetpack_publicize_feature_enabled":true,"jetpack_social_post_already_shared":true,"jetpack_social_options":{"image_generator_settings":{"template":"highway","enabled":false},"version":2}},"categories":[178,179],"tags":[215,196],"class_list":["post-3831","post","type-post","status-publish","format-standard","has-post-thumbnail","hentry","category-destacat","category-noticies","tag-antiracisme","tag-feminisme"],"jetpack_publicize_connections":[],"acf":[],"jetpack_featured_media_url":"https:\/\/www.contrabanda.org\/wp-content\/uploads\/2022\/03\/el-aleteo-des-equilibrado.jpg","jetpack_sharing_enabled":true,"jetpack_shortlink":"https:\/\/wp.me\/p2AtSY-ZN","_links":{"self":[{"href":"https:\/\/www.contrabanda.org\/ca\/wp-json\/wp\/v2\/posts\/3831","targetHints":{"allow":["GET"]}}],"collection":[{"href":"https:\/\/www.contrabanda.org\/ca\/wp-json\/wp\/v2\/posts"}],"about":[{"href":"https:\/\/www.contrabanda.org\/ca\/wp-json\/wp\/v2\/types\/post"}],"author":[{"embeddable":true,"href":"https:\/\/www.contrabanda.org\/ca\/wp-json\/wp\/v2\/users\/59"}],"replies":[{"embeddable":true,"href":"https:\/\/www.contrabanda.org\/ca\/wp-json\/wp\/v2\/comments?post=3831"}],"version-history":[{"count":19,"href":"https:\/\/www.contrabanda.org\/ca\/wp-json\/wp\/v2\/posts\/3831\/revisions"}],"predecessor-version":[{"id":3862,"href":"https:\/\/www.contrabanda.org\/ca\/wp-json\/wp\/v2\/posts\/3831\/revisions\/3862"}],"wp:featuredmedia":[{"embeddable":true,"href":"https:\/\/www.contrabanda.org\/ca\/wp-json\/wp\/v2\/media\/3854"}],"wp:attachment":[{"href":"https:\/\/www.contrabanda.org\/ca\/wp-json\/wp\/v2\/media?parent=3831"}],"wp:term":[{"taxonomy":"category","embeddable":true,"href":"https:\/\/www.contrabanda.org\/ca\/wp-json\/wp\/v2\/categories?post=3831"},{"taxonomy":"post_tag","embeddable":true,"href":"https:\/\/www.contrabanda.org\/ca\/wp-json\/wp\/v2\/tags?post=3831"}],"curies":[{"name":"wp","href":"https:\/\/api.w.org\/{rel}","templated":true}]}}