{"id":3895,"date":"2022-05-21T08:36:43","date_gmt":"2022-05-21T06:36:43","guid":{"rendered":"http:\/\/www.contrabanda.org\/?p=3895"},"modified":"2022-05-21T08:53:43","modified_gmt":"2022-05-21T06:53:43","slug":"bodas-de-plata-majaras-25-anos-de-lassemblea-de-majaras","status":"publish","type":"post","link":"https:\/\/www.contrabanda.org\/ca\/2022\/05\/21\/bodas-de-plata-majaras-25-anos-de-lassemblea-de-majaras\/","title":{"rendered":"Bodes de plata majares. 25 anys de L&#8217;assemblea de Majaras"},"content":{"rendered":"<p><a href=\"http:\/\/www.contrabanda.org\/wp-content\/uploads\/2022\/05\/25anysMajares.jpg\"><img loading=\"lazy\" decoding=\"async\" class=\"alignleft size-full wp-image-3896\" src=\"http:\/\/www.contrabanda.org\/wp-content\/uploads\/2022\/05\/25anysMajares.jpg\" alt=\"\" width=\"197\" height=\"300\" \/><\/a>Diumenge 29 de maig l&#8217;<a href=\"https:\/\/majaras.contrabanda.org\">Assemblea de Majaras<\/a> celebra els 25 anys de programa a l\u2019<a href=\"http:\/\/ateneuenciclopedicpopular.org\/\">Ateneu Enciclop\u00e8dic Popular<\/a> (Reina Am\u00e0lia amb Sant Pau al Raval). Ser\u00e0 a partir de les 12h amb un men\u00fa de lo m\u00e9s majara:<\/p>\n<p>R\u00e0dio en viu, concert de <a href=\"https:\/\/www.instagram.com\/accounts\/login\/?next=\/virusdebarna\/\">Virus de Barna<\/a> a les 13.30, presentaci\u00f3 de <a href=\"https:\/\/www.independent.cat\/noticia\/75135\/sub-sol-relatos-bajo-suelo\">(sub)Sol<\/a>, l\u2019espectacle La divina Pand\u00e8mia, projecci\u00f3 pels 50 anys de Pink Flamingos, fideu\u00e0 aixom\u00e0tica i barra per l\u2019autogesti\u00f3 contrabandista amb cervesa i licors artesans.<\/p>\n<p>M\u00e9s info a https:\/\/twitter.com\/AsambleaMajara<\/p>\n","protected":false},"excerpt":{"rendered":"<p>Diumenge 29 de maig l&#8217;Assemblea de Majaras celebra els 25 anys de programa a l\u2019Ateneu Enciclop\u00e8dic Popular (Reina Am\u00e0lia amb Sant Pau al Raval). Ser\u00e0 a partir de les 12h amb un men\u00fa de lo m\u00e9s majara: R\u00e0dio en viu, concert de Virus de Barna a les 13.30, presentaci\u00f3 de (sub)Sol, l\u2019espectacle La divina Pand\u00e8mia, &hellip;<\/p>\n","protected":false},"author":14,"featured_media":3896,"comment_status":"registered_only","ping_status":"open","sticky":false,"template":"","format":"standard","meta":{"_acf_changed":false,"jetpack_post_was_ever_published":false,"_jetpack_newsletter_access":"","_jetpack_dont_email_post_to_subs":false,"_jetpack_newsletter_tier_id":0,"_jetpack_memberships_contains_paywalled_content":false,"_jetpack_memberships_contains_paid_content":false,"footnotes":"","jetpack_publicize_message":"","jetpack_publicize_feature_enabled":true,"jetpack_social_post_already_shared":true,"jetpack_social_options":{"image_generator_settings":{"template":"highway","enabled":false},"version":2}},"categories":[179,3],"tags":[],"class_list":["post-3895","post","type-post","status-publish","format-standard","has-post-thumbnail","hentry","category-noticies","category-principal"],"jetpack_publicize_connections":[],"acf":[],"jetpack_featured_media_url":"https:\/\/www.contrabanda.org\/wp-content\/uploads\/2022\/05\/25anysMajares.jpg","jetpack_sharing_enabled":true,"jetpack_shortlink":"https:\/\/wp.me\/p2AtSY-10P","_links":{"self":[{"href":"https:\/\/www.contrabanda.org\/ca\/wp-json\/wp\/v2\/posts\/3895","targetHints":{"allow":["GET"]}}],"collection":[{"href":"https:\/\/www.contrabanda.org\/ca\/wp-json\/wp\/v2\/posts"}],"about":[{"href":"https:\/\/www.contrabanda.org\/ca\/wp-json\/wp\/v2\/types\/post"}],"author":[{"embeddable":true,"href":"https:\/\/www.contrabanda.org\/ca\/wp-json\/wp\/v2\/users\/14"}],"replies":[{"embeddable":true,"href":"https:\/\/www.contrabanda.org\/ca\/wp-json\/wp\/v2\/comments?post=3895"}],"version-history":[{"count":2,"href":"https:\/\/www.contrabanda.org\/ca\/wp-json\/wp\/v2\/posts\/3895\/revisions"}],"predecessor-version":[{"id":3898,"href":"https:\/\/www.contrabanda.org\/ca\/wp-json\/wp\/v2\/posts\/3895\/revisions\/3898"}],"wp:featuredmedia":[{"embeddable":true,"href":"https:\/\/www.contrabanda.org\/ca\/wp-json\/wp\/v2\/media\/3896"}],"wp:attachment":[{"href":"https:\/\/www.contrabanda.org\/ca\/wp-json\/wp\/v2\/media?parent=3895"}],"wp:term":[{"taxonomy":"category","embeddable":true,"href":"https:\/\/www.contrabanda.org\/ca\/wp-json\/wp\/v2\/categories?post=3895"},{"taxonomy":"post_tag","embeddable":true,"href":"https:\/\/www.contrabanda.org\/ca\/wp-json\/wp\/v2\/tags?post=3895"}],"curies":[{"name":"wp","href":"https:\/\/api.w.org\/{rel}","templated":true}]}}