{"id":4338,"date":"2023-11-23T20:05:08","date_gmt":"2023-11-23T19:05:08","guid":{"rendered":"https:\/\/www.contrabanda.org\/?p=4338"},"modified":"2023-11-23T20:05:08","modified_gmt":"2023-11-23T19:05:08","slug":"enregistraments-de-la-jornada-no-puc-mes-malalties-i-malestars-comunitat-i-politica","status":"publish","type":"post","link":"https:\/\/www.contrabanda.org\/ca\/2023\/11\/23\/enregistraments-de-la-jornada-no-puc-mes-malalties-i-malestars-comunitat-i-politica\/","title":{"rendered":"Enregistraments de la Jornada No puc m\u00e9s! Malalties i malestars, comunitat i pol\u00edtica"},"content":{"rendered":"<p>Podeu escoltar els enregistraments de la xerrada i taula rodona realitzats a la jornada <a href=\"http:\/\/canmasdeu.net\/no-puc-mes-malalties-i-malestars-comunitat-i-politica\/\"><em>No puc m\u00e9s!! malalties i malestars, comunitat i pol\u00edtica<\/em><\/a> del passat 5 de novembre a Can Masdeu:<\/p>\n<blockquote class=\"wp-embedded-content\" data-secret=\"PXbELMTwKN\"><p><a href=\"https:\/\/podcast.contrabanda.org\/2023\/11\/06\/xerrada-no-puc-mes-malalties-i-malestars-comunitat-i-politica-5-novembre\/\">Xerrada No puc m\u00e9s!! malalties i malestars, comunitat i pol\u00edtica 5 novembre<\/a><\/p><\/blockquote>\n<p><iframe loading=\"lazy\" class=\"wp-embedded-content\" sandbox=\"allow-scripts\" security=\"restricted\" style=\"position: absolute; clip: rect(1px, 1px, 1px, 1px);\" title=\"\u00abXerrada No puc m\u00e9s!! malalties i malestars, comunitat i pol\u00edtica 5 novembre\u00bb \u2014 Podcasts\" src=\"https:\/\/podcast.contrabanda.org\/2023\/11\/06\/xerrada-no-puc-mes-malalties-i-malestars-comunitat-i-politica-5-novembre\/embed\/#?secret=QsoCQTPnZz#?secret=PXbELMTwKN\" data-secret=\"PXbELMTwKN\" width=\"600\" height=\"338\" frameborder=\"0\" marginwidth=\"0\" marginheight=\"0\" scrolling=\"no\"><\/iframe><\/p>\n<p>https:\/\/podcast.contrabanda.org\/2023\/11\/09\/xerrada-no-puc-mes-malalties-i-malestars-comunitat-i-politica-taula-capacitisme-i-activisme-com-ho-fem-5-novembre\/<\/p>","protected":false},"excerpt":{"rendered":"<p>Podeu escoltar els enregistraments de la xerrada i taula rodona realitzats a la jornada No puc m\u00e9s!! malalties i malestars, comunitat i pol\u00edtica del passat 5 de novembre a Can Masdeu: Xerrada No puc m\u00e9s!! malalties i malestars, comunitat i pol\u00edtica 5 novembre https:\/\/podcast.contrabanda.org\/2023\/11\/09\/xerrada-no-puc-mes-malalties-i-malestars-comunitat-i-politica-taula-capacitisme-i-activisme-com-ho-fem-5-novembre\/<\/p>\n","protected":false},"author":14,"featured_media":4340,"comment_status":"closed","ping_status":"closed","sticky":false,"template":"","format":"standard","meta":{"_acf_changed":false,"jetpack_post_was_ever_published":false,"_jetpack_newsletter_access":"","_jetpack_dont_email_post_to_subs":false,"_jetpack_newsletter_tier_id":0,"_jetpack_memberships_contains_paywalled_content":false,"_jetpack_memberships_contains_paid_content":false,"footnotes":"","jetpack_publicize_message":"","jetpack_publicize_feature_enabled":true,"jetpack_social_post_already_shared":true,"jetpack_social_options":{"image_generator_settings":{"template":"highway","enabled":false},"version":2}},"categories":[178,179],"tags":[],"class_list":["post-4338","post","type-post","status-publish","format-standard","has-post-thumbnail","hentry","category-destacat","category-noticies"],"jetpack_publicize_connections":[],"acf":[],"jetpack_featured_media_url":"https:\/\/www.contrabanda.org\/wp-content\/uploads\/2023\/11\/WhatsApp-Image-2023-10-24-at-12.19.58.jpeg","jetpack_sharing_enabled":true,"jetpack_shortlink":"https:\/\/wp.me\/p2AtSY-17Y","_links":{"self":[{"href":"https:\/\/www.contrabanda.org\/ca\/wp-json\/wp\/v2\/posts\/4338","targetHints":{"allow":["GET"]}}],"collection":[{"href":"https:\/\/www.contrabanda.org\/ca\/wp-json\/wp\/v2\/posts"}],"about":[{"href":"https:\/\/www.contrabanda.org\/ca\/wp-json\/wp\/v2\/types\/post"}],"author":[{"embeddable":true,"href":"https:\/\/www.contrabanda.org\/ca\/wp-json\/wp\/v2\/users\/14"}],"replies":[{"embeddable":true,"href":"https:\/\/www.contrabanda.org\/ca\/wp-json\/wp\/v2\/comments?post=4338"}],"version-history":[{"count":1,"href":"https:\/\/www.contrabanda.org\/ca\/wp-json\/wp\/v2\/posts\/4338\/revisions"}],"predecessor-version":[{"id":4341,"href":"https:\/\/www.contrabanda.org\/ca\/wp-json\/wp\/v2\/posts\/4338\/revisions\/4341"}],"wp:featuredmedia":[{"embeddable":true,"href":"https:\/\/www.contrabanda.org\/ca\/wp-json\/wp\/v2\/media\/4340"}],"wp:attachment":[{"href":"https:\/\/www.contrabanda.org\/ca\/wp-json\/wp\/v2\/media?parent=4338"}],"wp:term":[{"taxonomy":"category","embeddable":true,"href":"https:\/\/www.contrabanda.org\/ca\/wp-json\/wp\/v2\/categories?post=4338"},{"taxonomy":"post_tag","embeddable":true,"href":"https:\/\/www.contrabanda.org\/ca\/wp-json\/wp\/v2\/tags?post=4338"}],"curies":[{"name":"wp","href":"https:\/\/api.w.org\/{rel}","templated":true}]}}