{"id":4458,"date":"2024-02-25T17:32:49","date_gmt":"2024-02-25T16:32:49","guid":{"rendered":"https:\/\/www.contrabanda.org\/?p=4458"},"modified":"2024-02-26T12:13:27","modified_gmt":"2024-02-26T11:13:27","slug":"presentacion-del-informe-derecho-a-la-vida-2023-por-helena-maleno","status":"publish","type":"post","link":"https:\/\/www.contrabanda.org\/ca\/2024\/02\/25\/presentacion-del-informe-derecho-a-la-vida-2023-por-helena-maleno\/","title":{"rendered":"Enregistrament de la presentaci\u00f3 de l&#8217;Informe Dret a la Vida 2023 per Helena Maleno"},"content":{"rendered":"<p><a href=\"http:\/\/www.contrabanda.org\/wp-content\/uploads\/2024\/02\/5967319216673636191_121.jpg\"><img loading=\"lazy\" decoding=\"async\" class=\"size-medium wp-image-4459 alignleft\" src=\"http:\/\/www.contrabanda.org\/wp-content\/uploads\/2024\/02\/5967319216673636191_121-300x225.jpg\" alt=\"\" width=\"300\" height=\"225\" srcset=\"https:\/\/www.contrabanda.org\/wp-content\/uploads\/2024\/02\/5967319216673636191_121-300x225.jpg 300w, https:\/\/www.contrabanda.org\/wp-content\/uploads\/2024\/02\/5967319216673636191_121-1024x768.jpg 1024w, https:\/\/www.contrabanda.org\/wp-content\/uploads\/2024\/02\/5967319216673636191_121-768x576.jpg 768w, https:\/\/www.contrabanda.org\/wp-content\/uploads\/2024\/02\/5967319216673636191_121.jpg 1280w\" sizes=\"auto, (max-width: 300px) 100vw, 300px\" \/><\/a><br \/>\nAix\u00ed va concloure la defensora de drets <a href=\"https:\/\/www.instagram.com\/helenamaleno\/\">Helena Maleno<\/a> la presentaci\u00f3 que va fer el dissabte 24 de febrer a Barcelona a l&#8217;Ateneu del Raval de l&#8217;I<a href=\"https:\/\/caminandofronteras.org\/monitoreo\/monitoreo-del-derecho-a-la-vida-ano-2023\/\">NFORME MONITORATGE DEL DRET A LA VIDA \u2013 ANY 2023 de Ca-minant Fronteres<\/a>: &#8220;\u00c9s un honor estar a Barcelona avui amb les companyes de la lluita, dels moviments socials, gent base, honrant la mem\u00f2ria de les 6618 v\u00edctimes de la frontera, denunciant la necropol\u00edtica, les pol\u00edtiques de mort, l&#8217;omissi\u00f3 del deure de socors a la mar, racista, que s&#8217;ha instal\u00b7lat per les pol\u00edtiques de l&#8217;Europa fortalesa, defensant la vida, perqu\u00e8 al final estem &#8216;acuerp\u00e1ndonos&#8217; aqu\u00ed totes per a defensar la vida, i dient que mai m\u00e9s, que seguim en els processos de veritat, reparaci\u00f3, just\u00edcia fins al final: per la no repetici\u00f3&#8221;.<br \/>\nMoltes gr\u00e0cies a Helena Maleno pel seu comprom\u00eds, i a l&#8217;organitzaci\u00f3 de <a href=\"https:\/\/www.instagram.com\/regularizacionya\">#Regularizaci\u00f3nYa<\/a>, a l&#8217;<a href=\"https:\/\/www.instagram.com\/ateneudelraval\/\">Ateneu del Raval<\/a> i a <a href=\"https:\/\/www.instagram.com\/pedroconpulso\">Pedro Con Pulso<\/a> de <a href=\"https:\/\/www.instagram.com\/fotomovimiento\">Fotomovimento<\/a> -autor de la foto- per fer possible l&#8217;enregistrament de l&#8217;acte que compartim amb aquesta publicaci\u00f3 des de Contrabanda #FM.<\/p>\n<div class=\"powerpress_player\" id=\"powerpress_player_638\"><!--[if lt IE 9]><script>document.createElement('audio');<\/script><![endif]-->\n<audio class=\"wp-audio-shortcode\" id=\"audio-4458-1\" preload=\"none\" style=\"width: 100%;\" controls=\"controls\"><source type=\"audio\/mpeg\" src=\"https:\/\/ia601309.us.archive.org\/20\/items\/informe_derecho_a_la_vida_2023_helena_maleno\/helenamaleno.mp3?_=1\" \/><a href=\"https:\/\/ia601309.us.archive.org\/20\/items\/informe_derecho_a_la_vida_2023_helena_maleno\/helenamaleno.mp3\">https:\/\/ia601309.us.archive.org\/20\/items\/informe_derecho_a_la_vida_2023_helena_maleno\/helenamaleno.mp3<\/a><\/audio><\/div><p class=\"powerpress_links powerpress_links_mp3\" style=\"margin-bottom: 1px !important;\">Podcast: <a href=\"https:\/\/ia601309.us.archive.org\/20\/items\/informe_derecho_a_la_vida_2023_helena_maleno\/helenamaleno.mp3\" class=\"powerpress_link_pinw\" target=\"_blank\" title=\"Play in new window\" onclick=\"return powerpress_pinw('https:\/\/www.contrabanda.org\/ca\/?powerpress_pinw=4458-podcast');\" rel=\"nofollow\">Play in new window<\/a> | <a href=\"https:\/\/ia601309.us.archive.org\/20\/items\/informe_derecho_a_la_vida_2023_helena_maleno\/helenamaleno.mp3\" class=\"powerpress_link_d\" title=\"Download\" rel=\"nofollow\" download=\"helenamaleno.mp3\">Download<\/a><\/p><!--powerpress_player-->","protected":false},"excerpt":{"rendered":"<p>Aix\u00ed va concloure la defensora de drets Helena Maleno la presentaci\u00f3 que va fer el dissabte 24 de febrer a Barcelona a l&#8217;Ateneu del Raval de l&#8217;INFORME MONITORATGE DEL DRET A LA VIDA \u2013 ANY 2023 de Ca-minant Fronteres: &#8220;\u00c9s un honor estar a Barcelona avui amb les companyes de la lluita, dels moviments socials, &hellip;<\/p>\n","protected":false},"author":59,"featured_media":4459,"comment_status":"closed","ping_status":"closed","sticky":false,"template":"","format":"standard","meta":{"_acf_changed":false,"jetpack_post_was_ever_published":false,"_jetpack_newsletter_access":"","_jetpack_dont_email_post_to_subs":false,"_jetpack_newsletter_tier_id":0,"_jetpack_memberships_contains_paywalled_content":false,"_jetpack_memberships_contains_paid_content":false,"footnotes":"","jetpack_publicize_message":"","jetpack_publicize_feature_enabled":true,"jetpack_social_post_already_shared":true,"jetpack_social_options":{"image_generator_settings":{"template":"highway","enabled":false},"version":2}},"categories":[179,3],"tags":[246,251,249,250,252],"class_list":["post-4458","post","type-post","status-publish","format-standard","has-post-thumbnail","hentry","category-noticies","category-principal","tag-regularizacionya","tag-ca-minando-fronteras","tag-derecho-a-la-vida","tag-libertad-de-movimiento","tag-lucha-antirracista"],"jetpack_publicize_connections":[],"acf":[],"jetpack_featured_media_url":"https:\/\/www.contrabanda.org\/wp-content\/uploads\/2024\/02\/5967319216673636191_121.jpg","jetpack_sharing_enabled":true,"jetpack_shortlink":"https:\/\/wp.me\/p2AtSY-19U","_links":{"self":[{"href":"https:\/\/www.contrabanda.org\/ca\/wp-json\/wp\/v2\/posts\/4458","targetHints":{"allow":["GET"]}}],"collection":[{"href":"https:\/\/www.contrabanda.org\/ca\/wp-json\/wp\/v2\/posts"}],"about":[{"href":"https:\/\/www.contrabanda.org\/ca\/wp-json\/wp\/v2\/types\/post"}],"author":[{"embeddable":true,"href":"https:\/\/www.contrabanda.org\/ca\/wp-json\/wp\/v2\/users\/59"}],"replies":[{"embeddable":true,"href":"https:\/\/www.contrabanda.org\/ca\/wp-json\/wp\/v2\/comments?post=4458"}],"version-history":[{"count":11,"href":"https:\/\/www.contrabanda.org\/ca\/wp-json\/wp\/v2\/posts\/4458\/revisions"}],"predecessor-version":[{"id":4462,"href":"https:\/\/www.contrabanda.org\/ca\/wp-json\/wp\/v2\/posts\/4458\/revisions\/4462"}],"wp:featuredmedia":[{"embeddable":true,"href":"https:\/\/www.contrabanda.org\/ca\/wp-json\/wp\/v2\/media\/4459"}],"wp:attachment":[{"href":"https:\/\/www.contrabanda.org\/ca\/wp-json\/wp\/v2\/media?parent=4458"}],"wp:term":[{"taxonomy":"category","embeddable":true,"href":"https:\/\/www.contrabanda.org\/ca\/wp-json\/wp\/v2\/categories?post=4458"},{"taxonomy":"post_tag","embeddable":true,"href":"https:\/\/www.contrabanda.org\/ca\/wp-json\/wp\/v2\/tags?post=4458"}],"curies":[{"name":"wp","href":"https:\/\/api.w.org\/{rel}","templated":true}]}}