{"id":4480,"date":"2024-03-11T20:52:34","date_gmt":"2024-03-11T19:52:34","guid":{"rendered":"https:\/\/www.contrabanda.org\/?p=4480"},"modified":"2024-03-11T21:19:19","modified_gmt":"2024-03-11T20:19:19","slug":"7o-cadenazo-iberico-de-las-radios-libres-y-de-radios-comunitarias-de-abya-yala-por-palestina","status":"publish","type":"post","link":"https:\/\/www.contrabanda.org\/ca\/2024\/03\/11\/7o-cadenazo-iberico-de-las-radios-libres-y-de-radios-comunitarias-de-abya-yala-por-palestina\/","title":{"rendered":"7\u00ba Cadenazo Ib\u00e9rico de las Radios Libres y de Radios Comunitarias de Abya Yala por Palestina"},"content":{"rendered":"<div id=\"magicdomid6\" class=\"ace-line\">\n<p><span class=\"author-a-z83znvir1a9z77zz68zz88zz76zmz80zrh\"><span class=\"author-a-z83znvir1a9z77zz68zz88zz76zmz80zrh\"><a href=\"http:\/\/www.contrabanda.org\/wp-content\/uploads\/2024\/03\/main_cadenazo.jpg\"><img loading=\"lazy\" decoding=\"async\" class=\"alignleft wp-image-4478 size-large\" src=\"http:\/\/www.contrabanda.org\/wp-content\/uploads\/2024\/03\/main_cadenazo-1024x576.jpg\" alt=\"\" width=\"1024\" height=\"576\" srcset=\"https:\/\/www.contrabanda.org\/wp-content\/uploads\/2024\/03\/main_cadenazo-1024x576.jpg 1024w, https:\/\/www.contrabanda.org\/wp-content\/uploads\/2024\/03\/main_cadenazo-300x169.jpg 300w, https:\/\/www.contrabanda.org\/wp-content\/uploads\/2024\/03\/main_cadenazo-768x432.jpg 768w, https:\/\/www.contrabanda.org\/wp-content\/uploads\/2024\/03\/main_cadenazo.jpg 1280w\" sizes=\"auto, (max-width: 1024px) 100vw, 1024px\" \/><\/a><\/span><\/span><\/p>\n<div id=\"magicdomid6\" class=\"ace-line\"><span class=\"author-a-z83znvir1a9z77zz68zz88zz76zmz80zrh\">Una vez m\u00e1s, varias Radios Libres del estado nos <\/span><span class=\"author-a-n7z72ziz82z5l6z83zz65zz74zz68zz85zz78zz65zz87z\">unimos <\/span><span class=\"author-a-z83znvir1a9z77zz68zz88zz76zmz80zrh\">para realizar una emisi\u00f3n conjunta con una duraci\u00f3n de 12 horas, en esta ocasi\u00f3n, para denunciar el brutal genocidio que el estado de Israel est\u00e1 cometiendo contra el pueblo palestino.<\/span><\/div>\n<div id=\"magicdomid7\" class=\"ace-line\"><span class=\"author-a-z83znvir1a9z77zz68zz88zz76zmz80zrh\">\u00a0<\/span><\/div>\n<div id=\"magicdomid8\" class=\"ace-line\"><span class=\"author-a-z83znvir1a9z77zz68zz88zz76zmz80zrh\">La mayor\u00eda de los medios de comunicaci\u00f3n occidentales est\u00e1n siendo c\u00f3mplices de la masacre que se est\u00e1 perpetuando en la Franja de Gaza al replicar la propaganda y el relato construido por el estado asesino de Israel.<\/span><\/div>\n<div id=\"magicdomid9\" class=\"ace-line\"><span class=\"author-a-z83znvir1a9z77zz68zz88zz76zmz80zrh\">\u00a0<\/span><\/div>\n<div id=\"magicdomid10\" class=\"ace-line\"><span class=\"author-a-z83znvir1a9z77zz68zz88zz76zmz80zrh\">Es por ello que las radios libres participantes en e<\/span><span class=\"author-a-n7z72ziz82z5l6z83zz65zz74zz68zz85zz78zz65zz87z\">ste<\/span><span class=\"author-a-z83znvir1a9z77zz68zz88zz76zmz80zrh\"> 7<\/span><span class=\"author-a-z89zp2in6chmrz86zz73zz83z7oz83z\">.<\/span><span class=\"author-a-z83znvir1a9z77zz68zz88zz76zmz80zrh\">\u00ba Cadenazo queremos el pr\u00f3ximo <\/span><span class=\"author-a-z83znvir1a9z77zz68zz88zz76zmz80zrh b\"><b>23 de marzo<\/b><\/span><span class=\"author-a-z83znvir1a9z77zz68zz88zz76zmz80zrh\"> compartir un espacio radiof\u00f3nico en apoyo y solidaridad con Palestina que ayude a visibilizar la insoportable realidad que est\u00e1<\/span><span class=\"author-a-n7z72ziz82z5l6z83zz65zz74zz68zz85zz78zz65zz87z\">n<\/span> <span class=\"author-a-n7z72ziz82z5l6z83zz65zz74zz68zz85zz78zz65zz87z\">sufriendo<\/span><span class=\"author-a-z83znvir1a9z77zz68zz88zz76zmz80zrh\"> en la Franja de Gaza.<\/span><\/div>\n<div id=\"magicdomid11\" class=\"ace-line\"><span class=\"author-a-z83znvir1a9z77zz68zz88zz76zmz80zrh\">\u00a0<\/span><\/div>\n<div id=\"magicdomid12\" class=\"ace-line\"><span class=\"author-a-z83znvir1a9z77zz68zz88zz76zmz80zrh\">Desde las 10 de la ma\u00f1ana hasta las 10 de la noche en la web <\/span><span class=\"author-a-z83znvir1a9z77zz68zz88zz76zmz80zrh url\"><a href=\"http:\/\/www.radioslibres.info\" rel=\"noreferrer noopener\">www.radioslibres.info<\/a><\/span><span class=\"author-a-z83znvir1a9z77zz68zz88zz76zmz80zrh\"> se podr\u00e1 escuchar una parrilla conjunta con programas especiales de <\/span><span class=\"author-a-uz71zv28akhsdz122zinz65zz73zr\">\u00c1<\/span><span class=\"author-a-z83znvir1a9z77zz68zz88zz76zmz80zrh\">gora Sol Radio,<\/span><span class=\"author-a-z67zz86zqc0o8z84zz87zz85z8t0z87zt1\"> Radio Topo,<\/span><span class=\"author-a-z83znvir1a9z77zz68zz88zz76zmz80zrh\"> Radio La Granja,<\/span><span class=\"author-a-z67zz86zqc0o8z84zz87zz85z8t0z87zt1\"> Radio Almaina,<\/span><span class=\"author-a-z83znvir1a9z77zz68zz88zz76zmz80zrh\"> Irola Irratia, Radio Argayo,<\/span><span class=\"author-a-z69zz90za8z65zfqz90zz76zz68z8w4rz69zz74z\"> De<\/span><span class=\"author-a-z83znvir1a9z77zz68zz88zz76zmz80zrh\"> Ra\u00edz Radio, Radio Qk, Radio Malva, Radio Vallekas, Contrabanda FM, Radio RSK y Radio Bronka.<\/span><\/div>\n<div id=\"magicdomid13\" class=\"ace-line\"><\/div>\n<div id=\"magicdomid14\" class=\"ace-line\"><span class=\"author-a-z83znvir1a9z77zz68zz88zz76zmz80zrh\">Parrilla confirmada:<\/span><\/div>\n<div id=\"magicdomid15\" class=\"ace-line\"><\/div>\n<div id=\"magicdomid16\" class=\"ace-line\"><span class=\"author-a-ddz66zz90ztiz90zab89vp9cu b\"><b>10:00-11:00 Radio Topo<\/b><\/span><\/div>\n<div id=\"magicdomid17\" class=\"ace-line\"><span class=\"author-a-z83znvir1a9z77zz68zz88zz76zmz80zrh b\"><b>11:00-12:00 \u00c1gora Sol Radio<\/b><\/span><\/div>\n<div id=\"magicdomid18\" class=\"ace-line\"><span class=\"author-a-z83znvir1a9z77zz68zz88zz76zmz80zrh b\"><b>12:00-13:00 Radio La Granja<\/b><\/span><\/div>\n<div id=\"magicdomid19\" class=\"ace-line\"><span class=\"author-a-z83znvir1a9z77zz68zz88zz76zmz80zrh b\"><b>13:00-14:00 De Ra\u00edz Radio<\/b><\/span><\/div>\n<div id=\"magicdomid20\" class=\"ace-line\"><span class=\"author-a-z83znvir1a9z77zz68zz88zz76zmz80zrh b\"><b>14:00-15:00 Radio Almaina<\/b><\/span><\/div>\n<div id=\"magicdomid21\" class=\"ace-line\"><span class=\"author-a-z83znvir1a9z77zz68zz88zz76zmz80zrh b\"><b>15:00-15:45 Radio Q<\/b><\/span><span class=\"author-a-lz80zrmfz83z9rz66zz87zz70zz122zz65zz69zz70zb b\"><b>K<\/b><\/span><\/div>\n<div id=\"magicdomid22\" class=\"ace-line\"><span class=\"author-a-z83znvir1a9z77zz68zz88zz76zmz80zrh b\"><b>15:45-16:00 Espacio Musical<\/b><\/span><\/div>\n<div id=\"magicdomid23\" class=\"ace-line\"><span class=\"author-a-z83znvir1a9z77zz68zz88zz76zmz80zrh b\"><b>16:00-17:00 Irola <\/b><\/span><span class=\"author-a-z69zz90za8z65zfqz90zz76zz68z8w4rz69zz74z b\"><b>I<\/b><\/span><span class=\"author-a-z83znvir1a9z77zz68zz88zz76zmz80zrh b\"><b>rratia\u00a0<\/b><\/span><\/div>\n<div id=\"magicdomid24\" class=\"ace-line\"><span class=\"author-a-z83znvir1a9z77zz68zz88zz76zmz80zrh b\"><b>17:00-18:00 Radio Argayo<\/b><\/span><\/div>\n<div id=\"magicdomid25\" class=\"ace-line\"><span class=\"author-a-z83znvir1a9z77zz68zz88zz76zmz80zrh b\"><b>18:00-19:00 Radio Malva<\/b><\/span><\/div>\n<div id=\"magicdomid26\" class=\"ace-line\"><span class=\"author-a-z83znvir1a9z77zz68zz88zz76zmz80zrh b\"><b>19:00-20:00 Radio Vallekas<\/b><\/span><\/div>\n<div id=\"magicdomid27\" class=\"ace-line\"><span class=\"author-a-z83znvir1a9z77zz68zz88zz76zmz80zrh b\"><b>20:00-21:00 Contrabanda FM<br \/>\n<\/b><\/span><\/div>\n<div id=\"magicdomid28\" class=\"ace-line\"><span class=\"author-a-z83znvir1a9z77zz68zz88zz76zmz80zrh b\"><b>21:00-22:00\u00a0 Radio Rsk &#8211; Radio Bronka<\/b><\/span><\/div>\n<div id=\"magicdomid29\" class=\"ace-line\"><\/div>\n<div id=\"magicdomid30\" class=\"ace-line\"><span class=\"author-a-tskz69zz69zjz75zcz73z5z73zz79zlz68zz72zz67z\">La emisi\u00f3n del 7\u00ba Cadenazo de las Radios Libres incluye entrevistas a activistas pro palestinos, portavoces de Alkarama (movimiento de mujeres palestinas), Samidoun (red de solidaridad con los presos palestinos), representantes de las campa\u00f1as BDS por el boicot, la desinversi\u00f3n y las sanciones a Israel y tambi\u00e9n entrevistas a trabajadores por los derechos humanos y los derechos de las mujeres, temas de g\u00e9nero y feminismos, infancias y juventud, poblaciones desplazadas y minorizadas.<\/span><\/div>\n<div id=\"magicdomid31\" class=\"ace-line\"><\/div>\n<div id=\"magicdomid32\" class=\"ace-line\"><strong><span class=\"author-a-tskz69zz69zjz75zcz73z5z73zz79zlz68zz72zz67z\">Este cadenazo forma parte de una Revuelta radiof\u00f3nica global por Palestina, ya que hemos unido fuerzas con las compa\u00f1eras de Abya Yala que emitir\u00e1n su cadenazo el 24 de marzo.<\/span><\/strong><\/div>\n<div id=\"magicdomid33\" class=\"ace-line\"><\/div>\n<div id=\"magicdomid34\" class=\"ace-line\"><span class=\"author-a-z83znvir1a9z77zz68zz88zz76zmz80zrh\">Es<\/span><span class=\"author-a-tskz69zz69zjz75zcz73z5z73zz79zlz68zz72zz67z\">ta 7\u00b0 edici\u00f3n <\/span><span class=\"author-a-z83znvir1a9z77zz68zz88zz76zmz80zrh\">se suma a la cooperaci\u00f3n iniciada en el 2020 por las Radios Libres durante el estado de confinamiento<\/span><span class=\"author-a-n7z72ziz82z5l6z83zz65zz74zz68zz85zz78zz65zz87z\">.<\/span> <span class=\"author-a-n7z72ziz82z5l6z83zz65zz74zz68zz85zz78zz65zz87z\">E<\/span><span class=\"author-a-z83znvir1a9z77zz68zz88zz76zmz80zrh\">n la web <\/span><span class=\"author-a-z83znvir1a9z77zz68zz88zz76zmz80zrh url\"><a href=\"http:\/\/www.radioslibres.info\" rel=\"noreferrer noopener\">www.radioslibres.info<\/a><\/span> <span class=\"author-a-z65zvhz88z2hz65zyz74zz77zz87zz85zanz75zz90z\">tambi\u00e9n <\/span><span class=\"author-a-z83znvir1a9z77zz68zz88zz76zmz80zrh\">se puede<\/span><span class=\"author-a-n7z72ziz82z5l6z83zz65zz74zz68zz85zz78zz65zz87z\">n<\/span><span class=\"author-a-z83znvir1a9z77zz68zz88zz76zmz80zrh\"> escuchar las ediciones anteriores de los cadenazos.<\/span><\/div>\n<div><a href=\"http:\/\/www.contrabanda.org\/wp-content\/uploads\/2024\/03\/cadenazo-abya-yala.jpg\"><img loading=\"lazy\" decoding=\"async\" class=\"alignnone wp-image-4489 size-large\" src=\"http:\/\/www.contrabanda.org\/wp-content\/uploads\/2024\/03\/cadenazo-abya-yala-1024x1024.jpg\" alt=\"\" width=\"1024\" height=\"1024\" srcset=\"https:\/\/www.contrabanda.org\/wp-content\/uploads\/2024\/03\/cadenazo-abya-yala-1024x1024.jpg 1024w, https:\/\/www.contrabanda.org\/wp-content\/uploads\/2024\/03\/cadenazo-abya-yala-300x300.jpg 300w, https:\/\/www.contrabanda.org\/wp-content\/uploads\/2024\/03\/cadenazo-abya-yala-150x150.jpg 150w, https:\/\/www.contrabanda.org\/wp-content\/uploads\/2024\/03\/cadenazo-abya-yala-768x768.jpg 768w, https:\/\/www.contrabanda.org\/wp-content\/uploads\/2024\/03\/cadenazo-abya-yala.jpg 1080w\" sizes=\"auto, (max-width: 1024px) 100vw, 1024px\" \/><\/a><\/div>\n<div id=\"magicdomid35\" class=\"ace-line\"><\/div>\n<\/div>\n","protected":false},"excerpt":{"rendered":"<p>Una vez m\u00e1s, varias Radios Libres del estado nos unimos para realizar una emisi\u00f3n conjunta con una duraci\u00f3n de 12 horas, en esta ocasi\u00f3n, para denunciar el brutal genocidio que el estado de Israel est\u00e1 cometiendo contra el pueblo palestino. \u00a0 La mayor\u00eda de los medios de comunicaci\u00f3n occidentales est\u00e1n siendo c\u00f3mplices de la masacre &hellip;<\/p>\n","protected":false},"author":59,"featured_media":4478,"comment_status":"closed","ping_status":"closed","sticky":false,"template":"","format":"standard","meta":{"_acf_changed":false,"jetpack_post_was_ever_published":false,"_jetpack_newsletter_access":"","_jetpack_dont_email_post_to_subs":false,"_jetpack_newsletter_tier_id":0,"_jetpack_memberships_contains_paywalled_content":false,"_jetpack_memberships_contains_paid_content":false,"footnotes":"","jetpack_publicize_message":"","jetpack_publicize_feature_enabled":true,"jetpack_social_post_already_shared":true,"jetpack_social_options":{"image_generator_settings":{"template":"highway","enabled":false},"version":2}},"categories":[179,3],"tags":[],"class_list":["post-4480","post","type-post","status-publish","format-standard","has-post-thumbnail","hentry","category-noticies","category-principal"],"jetpack_publicize_connections":[],"acf":[],"jetpack_featured_media_url":"https:\/\/www.contrabanda.org\/wp-content\/uploads\/2024\/03\/main_cadenazo.jpg","jetpack_sharing_enabled":true,"jetpack_shortlink":"https:\/\/wp.me\/p2AtSY-1ag","_links":{"self":[{"href":"https:\/\/www.contrabanda.org\/ca\/wp-json\/wp\/v2\/posts\/4480","targetHints":{"allow":["GET"]}}],"collection":[{"href":"https:\/\/www.contrabanda.org\/ca\/wp-json\/wp\/v2\/posts"}],"about":[{"href":"https:\/\/www.contrabanda.org\/ca\/wp-json\/wp\/v2\/types\/post"}],"author":[{"embeddable":true,"href":"https:\/\/www.contrabanda.org\/ca\/wp-json\/wp\/v2\/users\/59"}],"replies":[{"embeddable":true,"href":"https:\/\/www.contrabanda.org\/ca\/wp-json\/wp\/v2\/comments?post=4480"}],"version-history":[{"count":11,"href":"https:\/\/www.contrabanda.org\/ca\/wp-json\/wp\/v2\/posts\/4480\/revisions"}],"predecessor-version":[{"id":4492,"href":"https:\/\/www.contrabanda.org\/ca\/wp-json\/wp\/v2\/posts\/4480\/revisions\/4492"}],"wp:featuredmedia":[{"embeddable":true,"href":"https:\/\/www.contrabanda.org\/ca\/wp-json\/wp\/v2\/media\/4478"}],"wp:attachment":[{"href":"https:\/\/www.contrabanda.org\/ca\/wp-json\/wp\/v2\/media?parent=4480"}],"wp:term":[{"taxonomy":"category","embeddable":true,"href":"https:\/\/www.contrabanda.org\/ca\/wp-json\/wp\/v2\/categories?post=4480"},{"taxonomy":"post_tag","embeddable":true,"href":"https:\/\/www.contrabanda.org\/ca\/wp-json\/wp\/v2\/tags?post=4480"}],"curies":[{"name":"wp","href":"https:\/\/api.w.org\/{rel}","templated":true}]}}