{"id":4824,"date":"2025-07-04T15:42:17","date_gmt":"2025-07-04T13:42:17","guid":{"rendered":"https:\/\/www.contrabanda.org\/?p=4824"},"modified":"2025-08-31T02:27:04","modified_gmt":"2025-08-31T00:27:04","slug":"programa-final-de-la-cobertura-de-la-marcha-a-gaza-2025-reflexiones-colectivas-radio-almaina-ruido-feminista-radio-y-contrabanda-fm","status":"publish","type":"post","link":"https:\/\/www.contrabanda.org\/ca\/2025\/07\/04\/programa-final-de-la-cobertura-de-la-marcha-a-gaza-2025-reflexiones-colectivas-radio-almaina-ruido-feminista-radio-y-contrabanda-fm\/","title":{"rendered":"Programa Final de la Cobertura de la Marxa a Gaza 2025 \u2013 Reflexions Col\u00b7lectives \u2013 Radio Almaina, Ruido Feminista Radio i Contrabanda FM"},"content":{"rendered":"<p><\/p>\n<article class=\"text-token-text-primary w-full\" dir=\"auto\" data-testid=\"conversation-turn-2\" data-scroll-anchor=\"true\">\n<article class=\"text-token-text-primary w-full\" dir=\"auto\" data-testid=\"conversation-turn-2\" data-scroll-anchor=\"true\">\n<figure id=\"attachment_4825\" aria-describedby=\"caption-attachment-4825\" style=\"width: 240px\" class=\"wp-caption alignleft\"><a href=\"http:\/\/www.contrabanda.org\/wp-content\/uploads\/2025\/07\/photo_2025-07-04_15-38-30.jpg\"><img loading=\"lazy\" decoding=\"async\" class=\"wp-image-4825 size-medium\" src=\"http:\/\/www.contrabanda.org\/wp-content\/uploads\/2025\/07\/photo_2025-07-04_15-38-30-240x300.jpg\" alt=\"\" width=\"240\" height=\"300\" srcset=\"https:\/\/www.contrabanda.org\/wp-content\/uploads\/2025\/07\/photo_2025-07-04_15-38-30-240x300.jpg 240w, https:\/\/www.contrabanda.org\/wp-content\/uploads\/2025\/07\/photo_2025-07-04_15-38-30-819x1024.jpg 819w, https:\/\/www.contrabanda.org\/wp-content\/uploads\/2025\/07\/photo_2025-07-04_15-38-30-768x960.jpg 768w, https:\/\/www.contrabanda.org\/wp-content\/uploads\/2025\/07\/photo_2025-07-04_15-38-30.jpg 1024w\" sizes=\"auto, (max-width: 240px) 100vw, 240px\" \/><\/a><figcaption id=\"caption-attachment-4825\" class=\"wp-caption-text\">Foto de \u00c1lvaro Minguito<\/figcaption><\/figure>\n<p>Tornem, tal com vam prometre, amb un \u00faltim programa sobre com vam viure la Marxa Global a Gaza i, de passada, sobre com continuem denunciant el genocidi exercit per l\u2019estat criminal d\u2019Israel contra la poblaci\u00f3 palestina. I ho fem en una nova emissi\u00f3 col\u00b7lectiva entre Ruido Feminista Radio, Radio Almaina i Contrabanda FM, totes elles r\u00e0dios lliures, que ens vam ajuntar \u2014des de diferents territoris i de manera espont\u00e0nia\u2014 amb la certesa de poder sumar-nos, amb la cobertura radiof\u00f2nica, al que passava en aquella Marxa en qu\u00e8 van participar milers de persones, entre elles companyes que ens acompanyen avui a l\u2019estudi, a aquell crit de JA N&#8217;HI HA PROU!I que aix\u00ed, amb les nostres petites grans accions, pogu\u00e9ssim aturar el genocidi, castigar els estats opressors i c\u00f2mplices, trencar els bloquejos i aconseguir que els palestins i les palestines puguin continuar vivint a les seves terres\u2026 i en pau.La Marxa Global a Gaza es va veure obligada a desconvocar-se el passat 16 de juny per la violenta repressi\u00f3 de l\u2019estat egipci i la seva policia contra els participants arribats a El Caire, i en un moment en qu\u00e8 havia esclatat una nova guerra provocada pel bombardeig d\u2019Israel a l\u2019Iran.<\/p>\n<p>I des d\u2019aleshores no hem deixat de denunciar el genocidi, embolicar-nos en accions de boicot a Israel, cridar en manifestacions pac\u00edfiques \u2014i no tant\u2014, patir la censura i la repressi\u00f3 dels nostres estats, escoltar el violent silenci dels grans mitjans, mentre a Gaza la poblaci\u00f3 continua sent assassinada per les bombes i per la fam.<\/p>\n<p>En aquest programa fem una valoraci\u00f3 de la Marxa juntament amb les companyes i els companys que hi van ser. I per aix\u00f2 ens connectem des de diferents estudis i a trav\u00e9s de trucades telef\u00f2niques\u2026 Des de l\u2019estudi de Radio Almaina i de Ruido Feminista Radio, entrem en conversa telef\u00f2nica amb en Javi, en Juan, en Ramiro i la Lupe des de l\u2019estudi de Contrabanda FM a Barcelona, amb en Jose Manuel Maroto des de Granada i en Dar\u00edo Puyana, des de Cadis, per via telem\u00e0tica. I entrevistem en Miguel Mart\u00ednez, productor de documentals relacionats amb els drets humans i l\u2019autodeterminaci\u00f3 dels pobles.<\/p>\n<h6 class=\"sr-only\">ChatGPT Pl<span style=\"white-space: normal;\">Tornem, tal com vam prometre, amb un \u00faltim programa sobre com vam viure la Marxa Global a Gaza i, de passada, sobre com continuem denunciant el genocidi exercit per l\u2019estat criminal d\u2019Israel contra la poblaci\u00f3 palestina. I ho fem en una nova emissi\u00f3 col\u00b7lectiva entre Ruido Feminista Radio, Radio Almaina i Contrabanda FM, totes elles r\u00e0dios lliures, que ens vam ajuntar \u2014des de diferents territoris i de manera espont\u00e0nia\u2014 amb la certesa de poder sumar-nos, amb la cobertura radiof\u00f2nica, al que passava en aquella Marxa en qu\u00e8 van participar milers de persones, entre elles companyes que ens acompanyen avui a l\u2019estudi, a aquell crit de PROU JA<\/span><\/h6>\n<\/article>\n<h6 class=\"sr-only\">ChatGPT Plus<span style=\"white-space: normal;\">ornem, tal com vam prometre, amb un \u00faltim programa sobre com vam viure la Marxa Global a Gaza i, de passada, sobre com continuem denunciant el genocidi exercit per l\u2019estat criminal d\u2019Israel contra la poblaci\u00f3 palestina. I ho fem en una nova emissi\u00f3 col\u00b7lectiva entre Ruido Feminista Radio, Radio Almaina i Contrabanda FM, totes elles r\u00e0dios lliures, que ens vam ajuntar \u2014des de diferents territoris i de manera espont\u00e0nia\u2014 amb la certesa de poder sumar-nos, amb la cobertura radiof\u00f2nica, al que passava en aquella Marxa en qu\u00e8 van participar milers de persones, entre elles companyes que ens acompanyen avui a l\u2019estudi, a aquell crit de PROU J<\/span><\/h6>\n<\/article>\n<p><\/p>\n<article class=\"text-token-text-primary w-full\" dir=\"auto\" data-testid=\"conversation-turn-2\" data-scroll-anchor=\"true\">\n<article class=\"text-token-text-primary w-full\" dir=\"auto\" data-testid=\"conversation-turn-2\" data-scroll-anchor=\"true\">\n<figure id=\"attachment_4825\" aria-describedby=\"caption-attachment-4825\" style=\"width: 240px\" class=\"wp-caption alignleft\"><a href=\"http:\/\/www.contrabanda.org\/wp-content\/uploads\/2025\/07\/photo_2025-07-04_15-38-30.jpg\"><img loading=\"lazy\" decoding=\"async\" class=\"wp-image-4825 size-medium\" src=\"http:\/\/www.contrabanda.org\/wp-content\/uploads\/2025\/07\/photo_2025-07-04_15-38-30-240x300.jpg\" alt=\"\" width=\"240\" height=\"300\" srcset=\"https:\/\/www.contrabanda.org\/wp-content\/uploads\/2025\/07\/photo_2025-07-04_15-38-30-240x300.jpg 240w, https:\/\/www.contrabanda.org\/wp-content\/uploads\/2025\/07\/photo_2025-07-04_15-38-30-819x1024.jpg 819w, https:\/\/www.contrabanda.org\/wp-content\/uploads\/2025\/07\/photo_2025-07-04_15-38-30-768x960.jpg 768w, https:\/\/www.contrabanda.org\/wp-content\/uploads\/2025\/07\/photo_2025-07-04_15-38-30.jpg 1024w\" sizes=\"auto, (max-width: 240px) 100vw, 240px\" \/><\/a><figcaption id=\"caption-attachment-4825\" class=\"wp-caption-text\">Foto de \u00c1lvaro Minguito<\/figcaption><\/figure>\n<p>Tornem, tal com vam prometre, amb un \u00faltim programa sobre com vam viure la Marxa Global a Gaza i, de passada, sobre com continuem denunciant el genocidi exercit per l\u2019estat criminal d\u2019Israel contra la poblaci\u00f3 palestina. I ho fem en una nova emissi\u00f3 col\u00b7lectiva entre Ruido Feminista Radio, Radio Almaina i Contrabanda FM, totes elles r\u00e0dios lliures, que ens vam ajuntar \u2014des de diferents territoris i de manera espont\u00e0nia\u2014 amb la certesa de poder sumar-nos, amb la cobertura radiof\u00f2nica, al que passava en aquella Marxa en qu\u00e8 van participar milers de persones, entre elles companyes que ens acompanyen avui a l\u2019estudi, a aquell crit de JA N&#8217;HI HA PROU!I que aix\u00ed, amb les nostres petites grans accions, pogu\u00e9ssim aturar el genocidi, castigar els estats opressors i c\u00f2mplices, trencar els bloquejos i aconseguir que els palestins i les palestines puguin continuar vivint a les seves terres\u2026 i en pau.La Marxa Global a Gaza es va veure obligada a desconvocar-se el passat 16 de juny per la violenta repressi\u00f3 de l\u2019estat egipci i la seva policia contra els participants arribats a El Caire, i en un moment en qu\u00e8 havia esclatat una nova guerra provocada pel bombardeig d\u2019Israel a l\u2019Iran.<\/p>\n<p>I des d\u2019aleshores no hem deixat de denunciar el genocidi, embolicar-nos en accions de boicot a Israel, cridar en manifestacions pac\u00edfiques \u2014i no tant\u2014, patir la censura i la repressi\u00f3 dels nostres estats, escoltar el violent silenci dels grans mitjans, mentre a Gaza la poblaci\u00f3 continua sent assassinada per les bombes i per la fam.<\/p>\n<p>En aquest programa fem una valoraci\u00f3 de la Marxa juntament amb les companyes i els companys que hi van ser. I per aix\u00f2 ens connectem des de diferents estudis i a trav\u00e9s de trucades telef\u00f2niques\u2026 Des de l\u2019estudi de Radio Almaina i de Ruido Feminista Radio, entrem en conversa telef\u00f2nica amb en Javi, en Juan, en Ramiro i la Lupe des de l\u2019estudi de Contrabanda FM a Barcelona, amb en Jose Manuel Maroto des de Granada i en Dar\u00edo Puyana, des de Cadis, per via telem\u00e0tica. I entrevistem en Miguel Mart\u00ednez, productor de documentals relacionats amb els drets humans i l\u2019autodeterminaci\u00f3 dels pobles.<\/p>\n<h6 class=\"sr-only\">ChatGPT Pl<span style=\"white-space: normal;\">Tornem, tal com vam prometre, amb un \u00faltim programa sobre com vam viure la Marxa Global a Gaza i, de passada, sobre com continuem denunciant el genocidi exercit per l\u2019estat criminal d\u2019Israel contra la poblaci\u00f3 palestina. I ho fem en una nova emissi\u00f3 col\u00b7lectiva entre Ruido Feminista Radio, Radio Almaina i Contrabanda FM, totes elles r\u00e0dios lliures, que ens vam ajuntar \u2014des de diferents territoris i de manera espont\u00e0nia\u2014 amb la certesa de poder sumar-nos, amb la cobertura radiof\u00f2nica, al que passava en aquella Marxa en qu\u00e8 van participar milers de persones, entre elles companyes que ens acompanyen avui a l\u2019estudi, a aquell crit de PROU JA<\/span><\/h6>\n<\/article>\n<h6 class=\"sr-only\">ChatGPT Plus<span style=\"white-space: normal;\">ornem, tal com vam prometre, amb un \u00faltim programa sobre com vam viure la Marxa Global a Gaza i, de passada, sobre com continuem denunciant el genocidi exercit per l\u2019estat criminal d\u2019Israel contra la poblaci\u00f3 palestina. I ho fem en una nova emissi\u00f3 col\u00b7lectiva entre Ruido Feminista Radio, Radio Almaina i Contrabanda FM, totes elles r\u00e0dios lliures, que ens vam ajuntar \u2014des de diferents territoris i de manera espont\u00e0nia\u2014 amb la certesa de poder sumar-nos, amb la cobertura radiof\u00f2nica, al que passava en aquella Marxa en qu\u00e8 van participar milers de persones, entre elles companyes que ens acompanyen avui a l\u2019estudi, a aquell crit de PROU J<\/span><\/h6>\n<\/article>\n<p><\/p>\n<div class=\"powerpress_player\" id=\"powerpress_player_1155\"><!--[if lt IE 9]><script>document.createElement('audio');<\/script><![endif]-->\n<audio class=\"wp-audio-shortcode\" id=\"audio-4824-1\" preload=\"none\" style=\"width: 100%;\" controls=\"controls\"><source type=\"audio\/mpeg\" src=\"https:\/\/ia600502.us.archive.org\/34\/items\/reflexion_colectiva_final_marcha_a_gaza\/reflexion_colectiva_final_marcha_a_gaza.mp3?_=1\" \/><a href=\"https:\/\/ia600502.us.archive.org\/34\/items\/reflexion_colectiva_final_marcha_a_gaza\/reflexion_colectiva_final_marcha_a_gaza.mp3\">https:\/\/ia600502.us.archive.org\/34\/items\/reflexion_colectiva_final_marcha_a_gaza\/reflexion_colectiva_final_marcha_a_gaza.mp3<\/a><\/audio><\/div><p class=\"powerpress_links powerpress_links_mp3\" style=\"margin-bottom: 1px !important;\">Podcast: <a href=\"https:\/\/ia600502.us.archive.org\/34\/items\/reflexion_colectiva_final_marcha_a_gaza\/reflexion_colectiva_final_marcha_a_gaza.mp3\" class=\"powerpress_link_pinw\" target=\"_blank\" title=\"Play in new window\" onclick=\"return powerpress_pinw('https:\/\/www.contrabanda.org\/ca\/?powerpress_pinw=4824-podcast');\" rel=\"nofollow\">Play in new window<\/a> | <a href=\"https:\/\/ia600502.us.archive.org\/34\/items\/reflexion_colectiva_final_marcha_a_gaza\/reflexion_colectiva_final_marcha_a_gaza.mp3\" class=\"powerpress_link_d\" title=\"Download\" rel=\"nofollow\" download=\"reflexion_colectiva_final_marcha_a_gaza.mp3\">Download<\/a><\/p><!--powerpress_player-->","protected":false},"excerpt":{"rendered":"<p>Tornem, tal com vam prometre, amb un \u00faltim programa sobre com vam viure la Marxa Global a Gaza i, de passada, sobre com continuem denunciant el genocidi exercit per l\u2019estat criminal d\u2019Israel contra la poblaci\u00f3 palestina. I ho fem en una nova emissi\u00f3 col\u00b7lectiva entre Ruido Feminista Radio, Radio Almaina i Contrabanda FM, totes elles &hellip;<\/p>\n","protected":false},"author":59,"featured_media":4825,"comment_status":"closed","ping_status":"closed","sticky":false,"template":"","format":"standard","meta":{"_acf_changed":false,"jetpack_post_was_ever_published":false,"_jetpack_newsletter_access":"","_jetpack_dont_email_post_to_subs":false,"_jetpack_newsletter_tier_id":0,"_jetpack_memberships_contains_paywalled_content":false,"_jetpack_memberships_contains_paid_content":false,"footnotes":"","jetpack_publicize_message":"","jetpack_publicize_feature_enabled":true,"jetpack_social_post_already_shared":true,"jetpack_social_options":{"image_generator_settings":{"template":"highway","enabled":false},"version":2}},"categories":[178,1,179],"tags":[274,275],"class_list":["post-4824","post","type-post","status-publish","format-standard","has-post-thumbnail","hentry","category-destacat","category-general","category-noticies","tag-marcha-global-por-gaza","tag-palestina-libre"],"jetpack_publicize_connections":[],"acf":[],"jetpack_featured_media_url":"https:\/\/www.contrabanda.org\/wp-content\/uploads\/2025\/07\/photo_2025-07-04_15-38-30.jpg","jetpack_sharing_enabled":true,"jetpack_shortlink":"https:\/\/wp.me\/p2AtSY-1fO","_links":{"self":[{"href":"https:\/\/www.contrabanda.org\/ca\/wp-json\/wp\/v2\/posts\/4824","targetHints":{"allow":["GET"]}}],"collection":[{"href":"https:\/\/www.contrabanda.org\/ca\/wp-json\/wp\/v2\/posts"}],"about":[{"href":"https:\/\/www.contrabanda.org\/ca\/wp-json\/wp\/v2\/types\/post"}],"author":[{"embeddable":true,"href":"https:\/\/www.contrabanda.org\/ca\/wp-json\/wp\/v2\/users\/59"}],"replies":[{"embeddable":true,"href":"https:\/\/www.contrabanda.org\/ca\/wp-json\/wp\/v2\/comments?post=4824"}],"version-history":[{"count":3,"href":"https:\/\/www.contrabanda.org\/ca\/wp-json\/wp\/v2\/posts\/4824\/revisions"}],"predecessor-version":[{"id":4872,"href":"https:\/\/www.contrabanda.org\/ca\/wp-json\/wp\/v2\/posts\/4824\/revisions\/4872"}],"wp:featuredmedia":[{"embeddable":true,"href":"https:\/\/www.contrabanda.org\/ca\/wp-json\/wp\/v2\/media\/4825"}],"wp:attachment":[{"href":"https:\/\/www.contrabanda.org\/ca\/wp-json\/wp\/v2\/media?parent=4824"}],"wp:term":[{"taxonomy":"category","embeddable":true,"href":"https:\/\/www.contrabanda.org\/ca\/wp-json\/wp\/v2\/categories?post=4824"},{"taxonomy":"post_tag","embeddable":true,"href":"https:\/\/www.contrabanda.org\/ca\/wp-json\/wp\/v2\/tags?post=4824"}],"curies":[{"name":"wp","href":"https:\/\/api.w.org\/{rel}","templated":true}]}}