{"id":894,"date":"2013-06-19T22:28:38","date_gmt":"2013-06-19T22:28:38","guid":{"rendered":"http:\/\/www.contrabanda.org\/?p=894"},"modified":"2013-07-12T17:02:36","modified_gmt":"2013-07-12T17:02:36","slug":"emissio-especial-conjunta-des-de-vallcarca","status":"publish","type":"post","link":"https:\/\/www.contrabanda.org\/ca\/2013\/06\/19\/emissio-especial-conjunta-des-de-vallcarca\/","title":{"rendered":"Emissi\u00f3 especial conjunta des de Vallcarca"},"content":{"rendered":"<p><img loading=\"lazy\" decoding=\"async\" class=\"alignnone\" alt=\"\" src=\"http:\/\/assembleadevallcarca.files.wordpress.com\/2013\/06\/cartel-23j-color-3.jpg\" width=\"408\" height=\"574\" \/><\/p>\n<div>\n<div>\n<div>En el marc de la jornada ve\u00efnal <b>Vallcarca resisteix: Pre-revetlla a la Pla\u00e7a de la Farigola <\/b>Radio Bronka i Contrabanda FM far\u00e0n una emissi\u00f3 especial des d&#8217;all\u00e0.<\/div>\n<p>Aqu\u00ed el programa complet de la jornada:<\/p>\n<p>11h Esmor\u00e7ar amb sorpresa<br \/>\n14.30 Dinar de traje<br \/>\n15.30 Taller d\u2019autoconstrucci\u00f3<br \/>\n16.30 Tarda d\u2019actuacions amb El Ni\u00f1o del Parche &amp; Muletitas, Aitor i Marc Espectre.<br \/>\n18.30 Xerrades sobre actualitat i col\u00b7lectius del barri i altres lluites ve\u00efnals, retransmesa en viu per Radio Bronka (104.5)i Contrabanda FM (91.4)<br \/>\n21 \u2013 23h Actuacions nocturnes amb Bittah, Vicky i Los Charnis<\/p>\n<\/div>\n<p>a la Pla\u00e7a de la Farigola (amb Calandau)<\/p>\n<\/div>\n<p>M\u00e9s info a <a href=\"http:\/\/assembleadevallcarca.wordpress.com\/\" target=\"_blank\">http:\/\/assembleadevallcarca.wordpress.com\/<\/a><\/p>","protected":false},"excerpt":{"rendered":"<p>En el marc de la jornada ve\u00efnal Vallcarca resisteix: Pre-revetlla a la Pla\u00e7a de la Farigola Radio Bronka i Contrabanda FM far\u00e0n una emissi\u00f3 especial des d&#8217;all\u00e0. Aqu\u00ed el programa complet de la jornada: 11h Esmor\u00e7ar amb sorpresa 14.30 Dinar de traje 15.30 Taller d\u2019autoconstrucci\u00f3 16.30 Tarda d\u2019actuacions amb El Ni\u00f1o del Parche &amp; Muletitas, &hellip;<\/p>\n","protected":false},"author":14,"featured_media":897,"comment_status":"registered_only","ping_status":"open","sticky":false,"template":"","format":"standard","meta":{"_acf_changed":false,"jetpack_post_was_ever_published":false,"_jetpack_newsletter_access":"","_jetpack_dont_email_post_to_subs":false,"_jetpack_newsletter_tier_id":0,"_jetpack_memberships_contains_paywalled_content":false,"_jetpack_memberships_contains_paid_content":false,"footnotes":"","jetpack_publicize_message":"","jetpack_publicize_feature_enabled":true,"jetpack_social_post_already_shared":true,"jetpack_social_options":{"image_generator_settings":{"template":"highway","enabled":false},"version":2}},"categories":[178,179],"tags":[],"class_list":["post-894","post","type-post","status-publish","format-standard","has-post-thumbnail","hentry","category-destacat","category-noticies"],"jetpack_publicize_connections":[],"acf":[],"jetpack_featured_media_url":"https:\/\/www.contrabanda.org\/wp-content\/uploads\/2013\/06\/cartel-23J-color-2.jpg","jetpack_sharing_enabled":true,"jetpack_shortlink":"https:\/\/wp.me\/p2AtSY-eq","_links":{"self":[{"href":"https:\/\/www.contrabanda.org\/ca\/wp-json\/wp\/v2\/posts\/894","targetHints":{"allow":["GET"]}}],"collection":[{"href":"https:\/\/www.contrabanda.org\/ca\/wp-json\/wp\/v2\/posts"}],"about":[{"href":"https:\/\/www.contrabanda.org\/ca\/wp-json\/wp\/v2\/types\/post"}],"author":[{"embeddable":true,"href":"https:\/\/www.contrabanda.org\/ca\/wp-json\/wp\/v2\/users\/14"}],"replies":[{"embeddable":true,"href":"https:\/\/www.contrabanda.org\/ca\/wp-json\/wp\/v2\/comments?post=894"}],"version-history":[{"count":7,"href":"https:\/\/www.contrabanda.org\/ca\/wp-json\/wp\/v2\/posts\/894\/revisions"}],"predecessor-version":[{"id":915,"href":"https:\/\/www.contrabanda.org\/ca\/wp-json\/wp\/v2\/posts\/894\/revisions\/915"}],"wp:featuredmedia":[{"embeddable":true,"href":"https:\/\/www.contrabanda.org\/ca\/wp-json\/wp\/v2\/media\/897"}],"wp:attachment":[{"href":"https:\/\/www.contrabanda.org\/ca\/wp-json\/wp\/v2\/media?parent=894"}],"wp:term":[{"taxonomy":"category","embeddable":true,"href":"https:\/\/www.contrabanda.org\/ca\/wp-json\/wp\/v2\/categories?post=894"},{"taxonomy":"post_tag","embeddable":true,"href":"https:\/\/www.contrabanda.org\/ca\/wp-json\/wp\/v2\/tags?post=894"}],"curies":[{"name":"wp","href":"https:\/\/api.w.org\/{rel}","templated":true}]}}